{"id":869,"date":"2018-04-30T11:53:28","date_gmt":"2018-04-30T09:53:28","guid":{"rendered":"http:\/\/www.ecoquartier-strasbourg.fr\/?p=869"},"modified":"2018-04-30T11:54:21","modified_gmt":"2018-04-30T09:54:21","slug":"12-05-ag","status":"publish","type":"post","link":"https:\/\/www.ecoquartier-strasbourg.fr\/index.php\/2018\/04\/30\/12-05-ag\/","title":{"rendered":"12-05 Assembl\u00e9e G\u00e9n\u00e9rale"},"content":{"rendered":"<div class=\"mpl-content-wrap\"><h3 style=\"text-align: center;\"><a href=\"http:\/\/www.ecoquartier-strasbourg.fr\/wp-content\/uploads\/2018\/01\/DSC1823.jpg\"><img decoding=\"async\" loading=\"lazy\" class=\"aligncenter wp-image-706 size-large\" src=\"http:\/\/www.ecoquartier-strasbourg.fr\/wp-content\/uploads\/2018\/01\/DSC1823-e1525081860792-1024x340.jpg\" alt=\"\" width=\"900\" height=\"299\" srcset=\"https:\/\/www.ecoquartier-strasbourg.fr\/wp-content\/uploads\/2018\/01\/DSC1823-e1525081860792-1024x340.jpg 1024w, https:\/\/www.ecoquartier-strasbourg.fr\/wp-content\/uploads\/2018\/01\/DSC1823-e1525081860792-300x100.jpg 300w, https:\/\/www.ecoquartier-strasbourg.fr\/wp-content\/uploads\/2018\/01\/DSC1823-e1525081860792-768x255.jpg 768w, https:\/\/www.ecoquartier-strasbourg.fr\/wp-content\/uploads\/2018\/01\/DSC1823-e1525081860792-150x50.jpg 150w\" sizes=\"(max-width: 900px) 100vw, 900px\" \/><\/a>Assembl\u00e9e G\u00e9n\u00e9rale Festive d&rsquo;Eco-Quartier Strasbourg !<\/h3>\n<p>Le comit\u00e9 coll\u00e9gial d\u2019Eco-Quartier Strasbourg a le plaisir de vous convier \u00e0 l&rsquo;Assembl\u00e9e G\u00e9n\u00e9rale de notre association qui se tiendra le :<\/p>\n<h4>Samedi 12 mai 2018 \u00e0 17h30<br \/>\nsur la p\u00e9niche de la SERS, amarr\u00e9e Bassin Dusuzeau \u00e0 Strasbourg<\/h4>\n<p>Voici le programme pr\u00e9visionnel des r\u00e9jouissances :<\/p>\n<p>17h30 : Assembl\u00e9e G\u00e9n\u00e9rale formelle:<\/p>\n<p>1. Rapport moral du Comit\u00e9 coll\u00e9gial<br \/>\n2. Rapport financier du tr\u00e9sorier<br \/>\n3. Bilan des actions 2018 et perspectives 2019 des trois coll\u00e8ges :<br \/>\no Habitat Participatif<br \/>\no Territoires en Transition<br \/>\no Lieu(x) d\u2019initiatives citoyennes (Maison Citoyenne)<br \/>\n4. Validation d\u2019un emprunt pour le financement des travaux de la Maison Citoyenne<br \/>\n5. Election des membres du Comit\u00e9 Coll\u00e9gial<br \/>\n6. Divers<\/p>\n<p>18h30 : Mot des \u00e9lus<\/p>\n<p>19h\u201321h : Ap\u00e9ro festif<\/p>\n<p>Cette assembl\u00e9e g\u00e9n\u00e9rale se tiendra au coeur d&rsquo;un week-end intense pour l&rsquo;Habitat Participatif, avec l&rsquo;organisation de la Journ\u00e9e Portes Ouvertes de l&rsquo;Habitat Participatif : cyclo-balade, \u00e0 partir de 10h \u00e0 Cronenbourg, jusqu&rsquo;\u00e0 16h30 dans le quartier Danube.<\/p>\n<p style=\"text-align: center;\">Demandez le <a href=\"https:\/\/www.facebook.com\/events\/1750475004991079\/\">PROGRAMME<\/a> !<\/p>\n<\/div>","protected":false},"excerpt":{"rendered":"<p>Assembl\u00e9e G\u00e9n\u00e9rale Festive d&rsquo;Eco-Quartier Strasbourg ! Le comit\u00e9 coll\u00e9gial d\u2019Eco-Quartier Strasbourg a le plaisir de vous convier \u00e0 l&rsquo;Assembl\u00e9e G\u00e9n\u00e9rale de notre association qui se tiendra le : Samedi 12 mai 2018 \u00e0 17h30 sur la p\u00e9niche de la SERS, amarr\u00e9e Bassin Dusuzeau \u00e0 Strasbourg Voici le programme pr\u00e9visionnel des\u2026<\/p>\n<p> <a class=\"continue-reading-link\" href=\"https:\/\/www.ecoquartier-strasbourg.fr\/index.php\/2018\/04\/30\/12-05-ag\/\"><span>Lire la suite<\/span><i class=\"crycon-right-dir\"><\/i><\/a> <\/p>\n","protected":false},"author":1,"featured_media":0,"comment_status":"open","ping_status":"open","sticky":false,"template":"","format":"standard","meta":{"footnotes":""},"categories":[1],"tags":[],"yoast_head":"<!-- This site is optimized with the Yoast SEO plugin v22.6 - https:\/\/yoast.com\/wordpress\/plugins\/seo\/ -->\n<title>12-05 Assembl\u00e9e G\u00e9n\u00e9rale - Eco-quartier Strasbourg<\/title>\n<meta name=\"robots\" content=\"index, follow, max-snippet:-1, max-image-preview:large, max-video-preview:-1\" \/>\n<link rel=\"canonical\" href=\"https:\/\/www.ecoquartier-strasbourg.fr\/index.php\/2018\/04\/30\/12-05-ag\/\" \/>\n<meta property=\"og:locale\" content=\"fr_FR\" \/>\n<meta property=\"og:type\" content=\"article\" \/>\n<meta property=\"og:title\" content=\"12-05 Assembl\u00e9e G\u00e9n\u00e9rale - Eco-quartier Strasbourg\" \/>\n<meta property=\"og:description\" content=\"Assembl\u00e9e G\u00e9n\u00e9rale Festive d&rsquo;Eco-Quartier Strasbourg ! Le comit\u00e9 coll\u00e9gial d\u2019Eco-Quartier Strasbourg a le plaisir de vous convier \u00e0 l&rsquo;Assembl\u00e9e G\u00e9n\u00e9rale de notre association qui se tiendra le : Samedi 12 mai 2018 \u00e0 17h30 sur la p\u00e9niche de la SERS, amarr\u00e9e Bassin Dusuzeau \u00e0 Strasbourg Voici le programme pr\u00e9visionnel des\u2026 Lire la suite\" \/>\n<meta property=\"og:url\" content=\"https:\/\/www.ecoquartier-strasbourg.fr\/index.php\/2018\/04\/30\/12-05-ag\/\" \/>\n<meta property=\"og:site_name\" content=\"Eco-quartier Strasbourg\" \/>\n<meta property=\"article:publisher\" content=\"https:\/\/www.facebook.com\/ecoquartierstras\/\" \/>\n<meta property=\"article:published_time\" content=\"2018-04-30T09:53:28+00:00\" \/>\n<meta property=\"article:modified_time\" content=\"2018-04-30T09:54:21+00:00\" \/>\n<meta property=\"og:image\" content=\"http:\/\/www.ecoquartier-strasbourg.fr\/wp-content\/uploads\/2018\/01\/DSC1823-e1525081860792-1024x340.jpg\" \/>\n<meta name=\"author\" content=\"EQS - admin\" \/>\n<meta name=\"twitter:card\" content=\"summary_large_image\" \/>\n<meta name=\"twitter:label1\" content=\"\u00c9crit par\" \/>\n\t<meta name=\"twitter:data1\" content=\"EQS - admin\" \/>\n\t<meta name=\"twitter:label2\" content=\"Dur\u00e9e de lecture estim\u00e9e\" \/>\n\t<meta name=\"twitter:data2\" content=\"1 minute\" \/>\n<script type=\"application\/ld+json\" class=\"yoast-schema-graph\">{\"@context\":\"https:\/\/schema.org\",\"@graph\":[{\"@type\":\"Article\",\"@id\":\"https:\/\/www.ecoquartier-strasbourg.fr\/index.php\/2018\/04\/30\/12-05-ag\/#article\",\"isPartOf\":{\"@id\":\"https:\/\/www.ecoquartier-strasbourg.fr\/index.php\/2018\/04\/30\/12-05-ag\/\"},\"author\":{\"name\":\"EQS - admin\",\"@id\":\"http:\/\/www.ecoquartier-strasbourg.fr\/#\/schema\/person\/c83a75f90cc38352607dbff4077bde52\"},\"headline\":\"12-05 Assembl\u00e9e G\u00e9n\u00e9rale\",\"datePublished\":\"2018-04-30T09:53:28+00:00\",\"dateModified\":\"2018-04-30T09:54:21+00:00\",\"mainEntityOfPage\":{\"@id\":\"https:\/\/www.ecoquartier-strasbourg.fr\/index.php\/2018\/04\/30\/12-05-ag\/\"},\"wordCount\":175,\"commentCount\":0,\"publisher\":{\"@id\":\"http:\/\/www.ecoquartier-strasbourg.fr\/#organization\"},\"image\":{\"@id\":\"https:\/\/www.ecoquartier-strasbourg.fr\/index.php\/2018\/04\/30\/12-05-ag\/#primaryimage\"},\"thumbnailUrl\":\"http:\/\/www.ecoquartier-strasbourg.fr\/wp-content\/uploads\/2018\/01\/DSC1823-e1525081860792-1024x340.jpg\",\"inLanguage\":\"fr-FR\",\"potentialAction\":[{\"@type\":\"CommentAction\",\"name\":\"Comment\",\"target\":[\"https:\/\/www.ecoquartier-strasbourg.fr\/index.php\/2018\/04\/30\/12-05-ag\/#respond\"]}]},{\"@type\":\"WebPage\",\"@id\":\"https:\/\/www.ecoquartier-strasbourg.fr\/index.php\/2018\/04\/30\/12-05-ag\/\",\"url\":\"https:\/\/www.ecoquartier-strasbourg.fr\/index.php\/2018\/04\/30\/12-05-ag\/\",\"name\":\"12-05 Assembl\u00e9e G\u00e9n\u00e9rale - Eco-quartier Strasbourg\",\"isPartOf\":{\"@id\":\"http:\/\/www.ecoquartier-strasbourg.fr\/#website\"},\"primaryImageOfPage\":{\"@id\":\"https:\/\/www.ecoquartier-strasbourg.fr\/index.php\/2018\/04\/30\/12-05-ag\/#primaryimage\"},\"image\":{\"@id\":\"https:\/\/www.ecoquartier-strasbourg.fr\/index.php\/2018\/04\/30\/12-05-ag\/#primaryimage\"},\"thumbnailUrl\":\"http:\/\/www.ecoquartier-strasbourg.fr\/wp-content\/uploads\/2018\/01\/DSC1823-e1525081860792-1024x340.jpg\",\"datePublished\":\"2018-04-30T09:53:28+00:00\",\"dateModified\":\"2018-04-30T09:54:21+00:00\",\"breadcrumb\":{\"@id\":\"https:\/\/www.ecoquartier-strasbourg.fr\/index.php\/2018\/04\/30\/12-05-ag\/#breadcrumb\"},\"inLanguage\":\"fr-FR\",\"potentialAction\":[{\"@type\":\"ReadAction\",\"target\":[\"https:\/\/www.ecoquartier-strasbourg.fr\/index.php\/2018\/04\/30\/12-05-ag\/\"]}]},{\"@type\":\"ImageObject\",\"inLanguage\":\"fr-FR\",\"@id\":\"https:\/\/www.ecoquartier-strasbourg.fr\/index.php\/2018\/04\/30\/12-05-ag\/#primaryimage\",\"url\":\"https:\/\/www.ecoquartier-strasbourg.fr\/wp-content\/uploads\/2018\/01\/DSC1823-e1525081860792.jpg\",\"contentUrl\":\"https:\/\/www.ecoquartier-strasbourg.fr\/wp-content\/uploads\/2018\/01\/DSC1823-e1525081860792.jpg\",\"width\":4854,\"height\":1613},{\"@type\":\"BreadcrumbList\",\"@id\":\"https:\/\/www.ecoquartier-strasbourg.fr\/index.php\/2018\/04\/30\/12-05-ag\/#breadcrumb\",\"itemListElement\":[{\"@type\":\"ListItem\",\"position\":1,\"name\":\"Accueil\",\"item\":\"http:\/\/www.ecoquartier-strasbourg.fr\/\"},{\"@type\":\"ListItem\",\"position\":2,\"name\":\"12-05 Assembl\u00e9e G\u00e9n\u00e9rale\"}]},{\"@type\":\"WebSite\",\"@id\":\"http:\/\/www.ecoquartier-strasbourg.fr\/#website\",\"url\":\"http:\/\/www.ecoquartier-strasbourg.fr\/\",\"name\":\"Eco-quartier Strasbourg\",\"description\":\"association citoyenne pour un mode de vie durable et \u00e9conome en ressources\",\"publisher\":{\"@id\":\"http:\/\/www.ecoquartier-strasbourg.fr\/#organization\"},\"potentialAction\":[{\"@type\":\"SearchAction\",\"target\":{\"@type\":\"EntryPoint\",\"urlTemplate\":\"http:\/\/www.ecoquartier-strasbourg.fr\/?s={search_term_string}\"},\"query-input\":\"required name=search_term_string\"}],\"inLanguage\":\"fr-FR\"},{\"@type\":\"Organization\",\"@id\":\"http:\/\/www.ecoquartier-strasbourg.fr\/#organization\",\"name\":\"Eco-Quartier Strasbourg\",\"url\":\"http:\/\/www.ecoquartier-strasbourg.fr\/\",\"logo\":{\"@type\":\"ImageObject\",\"inLanguage\":\"fr-FR\",\"@id\":\"http:\/\/www.ecoquartier-strasbourg.fr\/#\/schema\/logo\/image\/\",\"url\":\"https:\/\/www.ecoquartier-strasbourg.fr\/wp-content\/uploads\/2017\/06\/ROND-LOGO-EQS.png\",\"contentUrl\":\"https:\/\/www.ecoquartier-strasbourg.fr\/wp-content\/uploads\/2017\/06\/ROND-LOGO-EQS.png\",\"width\":284,\"height\":283,\"caption\":\"Eco-Quartier Strasbourg\"},\"image\":{\"@id\":\"http:\/\/www.ecoquartier-strasbourg.fr\/#\/schema\/logo\/image\/\"},\"sameAs\":[\"https:\/\/www.facebook.com\/ecoquartierstras\/\",\"https:\/\/www.youtube.com\/channel\/UCiBoGfYTElpjX9ESJJPeY3g\/playlists\"]},{\"@type\":\"Person\",\"@id\":\"http:\/\/www.ecoquartier-strasbourg.fr\/#\/schema\/person\/c83a75f90cc38352607dbff4077bde52\",\"name\":\"EQS - admin\",\"image\":{\"@type\":\"ImageObject\",\"inLanguage\":\"fr-FR\",\"@id\":\"http:\/\/www.ecoquartier-strasbourg.fr\/#\/schema\/person\/image\/\",\"url\":\"https:\/\/secure.gravatar.com\/avatar\/ea9ad3b87b40e3552f54e9eea523f481?s=96&d=mm&r=g\",\"contentUrl\":\"https:\/\/secure.gravatar.com\/avatar\/ea9ad3b87b40e3552f54e9eea523f481?s=96&d=mm&r=g\",\"caption\":\"EQS - admin\"},\"url\":\"https:\/\/www.ecoquartier-strasbourg.fr\/index.php\/author\/admin4831\/\"}]}<\/script>\n<!-- \/ Yoast SEO plugin. -->","yoast_head_json":{"title":"12-05 Assembl\u00e9e G\u00e9n\u00e9rale - Eco-quartier Strasbourg","robots":{"index":"index","follow":"follow","max-snippet":"max-snippet:-1","max-image-preview":"max-image-preview:large","max-video-preview":"max-video-preview:-1"},"canonical":"https:\/\/www.ecoquartier-strasbourg.fr\/index.php\/2018\/04\/30\/12-05-ag\/","og_locale":"fr_FR","og_type":"article","og_title":"12-05 Assembl\u00e9e G\u00e9n\u00e9rale - Eco-quartier Strasbourg","og_description":"Assembl\u00e9e G\u00e9n\u00e9rale Festive d&rsquo;Eco-Quartier Strasbourg ! Le comit\u00e9 coll\u00e9gial d\u2019Eco-Quartier Strasbourg a le plaisir de vous convier \u00e0 l&rsquo;Assembl\u00e9e G\u00e9n\u00e9rale de notre association qui se tiendra le : Samedi 12 mai 2018 \u00e0 17h30 sur la p\u00e9niche de la SERS, amarr\u00e9e Bassin Dusuzeau \u00e0 Strasbourg Voici le programme pr\u00e9visionnel des\u2026 Lire la suite","og_url":"https:\/\/www.ecoquartier-strasbourg.fr\/index.php\/2018\/04\/30\/12-05-ag\/","og_site_name":"Eco-quartier Strasbourg","article_publisher":"https:\/\/www.facebook.com\/ecoquartierstras\/","article_published_time":"2018-04-30T09:53:28+00:00","article_modified_time":"2018-04-30T09:54:21+00:00","og_image":[{"url":"http:\/\/www.ecoquartier-strasbourg.fr\/wp-content\/uploads\/2018\/01\/DSC1823-e1525081860792-1024x340.jpg"}],"author":"EQS - admin","twitter_card":"summary_large_image","twitter_misc":{"\u00c9crit par":"EQS - admin","Dur\u00e9e de lecture estim\u00e9e":"1 minute"},"schema":{"@context":"https:\/\/schema.org","@graph":[{"@type":"Article","@id":"https:\/\/www.ecoquartier-strasbourg.fr\/index.php\/2018\/04\/30\/12-05-ag\/#article","isPartOf":{"@id":"https:\/\/www.ecoquartier-strasbourg.fr\/index.php\/2018\/04\/30\/12-05-ag\/"},"author":{"name":"EQS - admin","@id":"http:\/\/www.ecoquartier-strasbourg.fr\/#\/schema\/person\/c83a75f90cc38352607dbff4077bde52"},"headline":"12-05 Assembl\u00e9e G\u00e9n\u00e9rale","datePublished":"2018-04-30T09:53:28+00:00","dateModified":"2018-04-30T09:54:21+00:00","mainEntityOfPage":{"@id":"https:\/\/www.ecoquartier-strasbourg.fr\/index.php\/2018\/04\/30\/12-05-ag\/"},"wordCount":175,"commentCount":0,"publisher":{"@id":"http:\/\/www.ecoquartier-strasbourg.fr\/#organization"},"image":{"@id":"https:\/\/www.ecoquartier-strasbourg.fr\/index.php\/2018\/04\/30\/12-05-ag\/#primaryimage"},"thumbnailUrl":"http:\/\/www.ecoquartier-strasbourg.fr\/wp-content\/uploads\/2018\/01\/DSC1823-e1525081860792-1024x340.jpg","inLanguage":"fr-FR","potentialAction":[{"@type":"CommentAction","name":"Comment","target":["https:\/\/www.ecoquartier-strasbourg.fr\/index.php\/2018\/04\/30\/12-05-ag\/#respond"]}]},{"@type":"WebPage","@id":"https:\/\/www.ecoquartier-strasbourg.fr\/index.php\/2018\/04\/30\/12-05-ag\/","url":"https:\/\/www.ecoquartier-strasbourg.fr\/index.php\/2018\/04\/30\/12-05-ag\/","name":"12-05 Assembl\u00e9e G\u00e9n\u00e9rale - Eco-quartier Strasbourg","isPartOf":{"@id":"http:\/\/www.ecoquartier-strasbourg.fr\/#website"},"primaryImageOfPage":{"@id":"https:\/\/www.ecoquartier-strasbourg.fr\/index.php\/2018\/04\/30\/12-05-ag\/#primaryimage"},"image":{"@id":"https:\/\/www.ecoquartier-strasbourg.fr\/index.php\/2018\/04\/30\/12-05-ag\/#primaryimage"},"thumbnailUrl":"http:\/\/www.ecoquartier-strasbourg.fr\/wp-content\/uploads\/2018\/01\/DSC1823-e1525081860792-1024x340.jpg","datePublished":"2018-04-30T09:53:28+00:00","dateModified":"2018-04-30T09:54:21+00:00","breadcrumb":{"@id":"https:\/\/www.ecoquartier-strasbourg.fr\/index.php\/2018\/04\/30\/12-05-ag\/#breadcrumb"},"inLanguage":"fr-FR","potentialAction":[{"@type":"ReadAction","target":["https:\/\/www.ecoquartier-strasbourg.fr\/index.php\/2018\/04\/30\/12-05-ag\/"]}]},{"@type":"ImageObject","inLanguage":"fr-FR","@id":"https:\/\/www.ecoquartier-strasbourg.fr\/index.php\/2018\/04\/30\/12-05-ag\/#primaryimage","url":"https:\/\/www.ecoquartier-strasbourg.fr\/wp-content\/uploads\/2018\/01\/DSC1823-e1525081860792.jpg","contentUrl":"https:\/\/www.ecoquartier-strasbourg.fr\/wp-content\/uploads\/2018\/01\/DSC1823-e1525081860792.jpg","width":4854,"height":1613},{"@type":"BreadcrumbList","@id":"https:\/\/www.ecoquartier-strasbourg.fr\/index.php\/2018\/04\/30\/12-05-ag\/#breadcrumb","itemListElement":[{"@type":"ListItem","position":1,"name":"Accueil","item":"http:\/\/www.ecoquartier-strasbourg.fr\/"},{"@type":"ListItem","position":2,"name":"12-05 Assembl\u00e9e G\u00e9n\u00e9rale"}]},{"@type":"WebSite","@id":"http:\/\/www.ecoquartier-strasbourg.fr\/#website","url":"http:\/\/www.ecoquartier-strasbourg.fr\/","name":"Eco-quartier Strasbourg","description":"association citoyenne pour un mode de vie durable et \u00e9conome en ressources","publisher":{"@id":"http:\/\/www.ecoquartier-strasbourg.fr\/#organization"},"potentialAction":[{"@type":"SearchAction","target":{"@type":"EntryPoint","urlTemplate":"http:\/\/www.ecoquartier-strasbourg.fr\/?s={search_term_string}"},"query-input":"required name=search_term_string"}],"inLanguage":"fr-FR"},{"@type":"Organization","@id":"http:\/\/www.ecoquartier-strasbourg.fr\/#organization","name":"Eco-Quartier Strasbourg","url":"http:\/\/www.ecoquartier-strasbourg.fr\/","logo":{"@type":"ImageObject","inLanguage":"fr-FR","@id":"http:\/\/www.ecoquartier-strasbourg.fr\/#\/schema\/logo\/image\/","url":"https:\/\/www.ecoquartier-strasbourg.fr\/wp-content\/uploads\/2017\/06\/ROND-LOGO-EQS.png","contentUrl":"https:\/\/www.ecoquartier-strasbourg.fr\/wp-content\/uploads\/2017\/06\/ROND-LOGO-EQS.png","width":284,"height":283,"caption":"Eco-Quartier Strasbourg"},"image":{"@id":"http:\/\/www.ecoquartier-strasbourg.fr\/#\/schema\/logo\/image\/"},"sameAs":["https:\/\/www.facebook.com\/ecoquartierstras\/","https:\/\/www.youtube.com\/channel\/UCiBoGfYTElpjX9ESJJPeY3g\/playlists"]},{"@type":"Person","@id":"http:\/\/www.ecoquartier-strasbourg.fr\/#\/schema\/person\/c83a75f90cc38352607dbff4077bde52","name":"EQS - admin","image":{"@type":"ImageObject","inLanguage":"fr-FR","@id":"http:\/\/www.ecoquartier-strasbourg.fr\/#\/schema\/person\/image\/","url":"https:\/\/secure.gravatar.com\/avatar\/ea9ad3b87b40e3552f54e9eea523f481?s=96&d=mm&r=g","contentUrl":"https:\/\/secure.gravatar.com\/avatar\/ea9ad3b87b40e3552f54e9eea523f481?s=96&d=mm&r=g","caption":"EQS - admin"},"url":"https:\/\/www.ecoquartier-strasbourg.fr\/index.php\/author\/admin4831\/"}]}},"_links":{"self":[{"href":"https:\/\/www.ecoquartier-strasbourg.fr\/index.php\/wp-json\/wp\/v2\/posts\/869"}],"collection":[{"href":"https:\/\/www.ecoquartier-strasbourg.fr\/index.php\/wp-json\/wp\/v2\/posts"}],"about":[{"href":"https:\/\/www.ecoquartier-strasbourg.fr\/index.php\/wp-json\/wp\/v2\/types\/post"}],"author":[{"embeddable":true,"href":"https:\/\/www.ecoquartier-strasbourg.fr\/index.php\/wp-json\/wp\/v2\/users\/1"}],"replies":[{"embeddable":true,"href":"https:\/\/www.ecoquartier-strasbourg.fr\/index.php\/wp-json\/wp\/v2\/comments?post=869"}],"version-history":[{"count":1,"href":"https:\/\/www.ecoquartier-strasbourg.fr\/index.php\/wp-json\/wp\/v2\/posts\/869\/revisions"}],"predecessor-version":[{"id":870,"href":"https:\/\/www.ecoquartier-strasbourg.fr\/index.php\/wp-json\/wp\/v2\/posts\/869\/revisions\/870"}],"wp:attachment":[{"href":"https:\/\/www.ecoquartier-strasbourg.fr\/index.php\/wp-json\/wp\/v2\/media?parent=869"}],"wp:term":[{"taxonomy":"category","embeddable":true,"href":"https:\/\/www.ecoquartier-strasbourg.fr\/index.php\/wp-json\/wp\/v2\/categories?post=869"},{"taxonomy":"post_tag","embeddable":true,"href":"https:\/\/www.ecoquartier-strasbourg.fr\/index.php\/wp-json\/wp\/v2\/tags?post=869"}],"curies":[{"name":"wp","href":"https:\/\/api.w.org\/{rel}","templated":true}]}}