{"id":866,"date":"2018-04-30T11:46:10","date_gmt":"2018-04-30T09:46:10","guid":{"rendered":"http:\/\/www.ecoquartier-strasbourg.fr\/?p=866"},"modified":"2018-04-30T11:46:10","modified_gmt":"2018-04-30T09:46:10","slug":"12-05-cyclo-balade-de-lhabitat-participatif","status":"publish","type":"post","link":"https:\/\/www.ecoquartier-strasbourg.fr\/index.php\/2018\/04\/30\/12-05-cyclo-balade-de-lhabitat-participatif\/","title":{"rendered":"12-05 Cyclo-balade de l&rsquo;Habitat Participatif"},"content":{"rendered":"<div class=\"mpl-content-wrap\"><p>L&rsquo;association Eco-Quartier Strasbourg organise, lors des Portes Ouvertes Europ\u00e9ennes de l&rsquo;Habitat Participatif une journ\u00e9e d\u00e9di\u00e9e \u00e0 la (re)d\u00e9couverte de beaux exemples qui sont n\u00e9s sur le territoire strasbourgeois, lors du <strong>samedi 12 mai 2018,\u00a0<\/strong>avec son annuelle cyclo-balade.<\/p>\n<p>Ce sera \u00e9galement l&rsquo;occasion de c\u00e9l\u00e9brer son <strong>Assembl\u00e9e G\u00e9n\u00e9rale<\/strong> en fin de journ\u00e9e.<\/p>\n<p><strong>Merci de vous inscrire<\/strong> si vous souhaitez participer \u00e0 la journ\u00e9e, ou une partie, des visites d&rsquo;immeubles et projets en cours en habitat participatif sur Strasbourg. L&rsquo;occasion annuelle de partager des retours d&rsquo;exp\u00e9riences, de visiter des projets collectifs ayant mis plusieurs ann\u00e9es \u00e0 se concr\u00e9tiser&#8230; Et qui sait, peut-\u00eatre vous inspirer pour votre propre mode de vie ?<\/p>\n<p>Un cort\u00e8ge de v\u00e9los rejoindra les diff\u00e9rents lieux de rencontre, mais vous pouvez \u00e9galement vous y rendre par vos propres moyens.<\/p>\n<p style=\"text-align: center;\"><a href=\"http:\/\/www.ecoquartier-strasbourg.fr\/wp-content\/uploads\/2018\/04\/Affiche-JPO-01.jpg\"><img decoding=\"async\" loading=\"lazy\" class=\"aligncenter size-large wp-image-867\" src=\"http:\/\/www.ecoquartier-strasbourg.fr\/wp-content\/uploads\/2018\/04\/Affiche-JPO-01-1024x724.jpg\" alt=\"Affiche des JPO Habitat participatif\" width=\"900\" height=\"636\" srcset=\"https:\/\/www.ecoquartier-strasbourg.fr\/wp-content\/uploads\/2018\/04\/Affiche-JPO-01-1024x724.jpg 1024w, https:\/\/www.ecoquartier-strasbourg.fr\/wp-content\/uploads\/2018\/04\/Affiche-JPO-01-300x212.jpg 300w, https:\/\/www.ecoquartier-strasbourg.fr\/wp-content\/uploads\/2018\/04\/Affiche-JPO-01-768x543.jpg 768w, https:\/\/www.ecoquartier-strasbourg.fr\/wp-content\/uploads\/2018\/04\/Affiche-JPO-01-150x106.jpg 150w\" sizes=\"(max-width: 900px) 100vw, 900px\" \/><\/a><\/p>\n<p style=\"text-align: center;\"><a href=\"http:\/\/www.ecoquartier-strasbourg.fr\/wp-content\/uploads\/2018\/04\/Affiche-JPO-01.jpg\">Vous souhaitez vous inscrire ? &gt;&gt;&gt; C&rsquo;est par ici !\u00a0<\/a><\/p>\n<p>ou copiez ce lien dans votre navigateur : https:\/\/goo.gl\/forms\/qx0WPTUk3mOL6mcE2<\/p>\n<p>Merci !<\/p>\n<p>&nbsp;<\/p>\n<\/div>","protected":false},"excerpt":{"rendered":"<p>L&rsquo;association Eco-Quartier Strasbourg organise, lors des Portes Ouvertes Europ\u00e9ennes de l&rsquo;Habitat Participatif une journ\u00e9e d\u00e9di\u00e9e \u00e0 la (re)d\u00e9couverte de beaux exemples qui sont n\u00e9s sur le territoire strasbourgeois, lors du samedi 12 mai 2018,\u00a0avec son annuelle cyclo-balade. Ce sera \u00e9galement l&rsquo;occasion de c\u00e9l\u00e9brer son Assembl\u00e9e G\u00e9n\u00e9rale en fin de journ\u00e9e.\u2026<\/p>\n<p> <a class=\"continue-reading-link\" href=\"https:\/\/www.ecoquartier-strasbourg.fr\/index.php\/2018\/04\/30\/12-05-cyclo-balade-de-lhabitat-participatif\/\"><span>Lire la suite<\/span><i class=\"crycon-right-dir\"><\/i><\/a> <\/p>\n","protected":false},"author":1,"featured_media":0,"comment_status":"open","ping_status":"open","sticky":false,"template":"","format":"standard","meta":{"footnotes":""},"categories":[5],"tags":[],"yoast_head":"<!-- This site is optimized with the Yoast SEO plugin v22.6 - https:\/\/yoast.com\/wordpress\/plugins\/seo\/ -->\n<title>12-05 Cyclo-balade de l&#039;Habitat Participatif - Eco-quartier Strasbourg<\/title>\n<meta name=\"robots\" content=\"index, follow, max-snippet:-1, max-image-preview:large, max-video-preview:-1\" \/>\n<link rel=\"canonical\" href=\"https:\/\/www.ecoquartier-strasbourg.fr\/index.php\/2018\/04\/30\/12-05-cyclo-balade-de-lhabitat-participatif\/\" \/>\n<meta property=\"og:locale\" content=\"fr_FR\" \/>\n<meta property=\"og:type\" content=\"article\" \/>\n<meta property=\"og:title\" content=\"12-05 Cyclo-balade de l&#039;Habitat Participatif - Eco-quartier Strasbourg\" \/>\n<meta property=\"og:description\" content=\"L&rsquo;association Eco-Quartier Strasbourg organise, lors des Portes Ouvertes Europ\u00e9ennes de l&rsquo;Habitat Participatif une journ\u00e9e d\u00e9di\u00e9e \u00e0 la (re)d\u00e9couverte de beaux exemples qui sont n\u00e9s sur le territoire strasbourgeois, lors du samedi 12 mai 2018,\u00a0avec son annuelle cyclo-balade. Ce sera \u00e9galement l&rsquo;occasion de c\u00e9l\u00e9brer son Assembl\u00e9e G\u00e9n\u00e9rale en fin de journ\u00e9e.\u2026 Lire la suite\" \/>\n<meta property=\"og:url\" content=\"https:\/\/www.ecoquartier-strasbourg.fr\/index.php\/2018\/04\/30\/12-05-cyclo-balade-de-lhabitat-participatif\/\" \/>\n<meta property=\"og:site_name\" content=\"Eco-quartier Strasbourg\" \/>\n<meta property=\"article:publisher\" content=\"https:\/\/www.facebook.com\/ecoquartierstras\/\" \/>\n<meta property=\"article:published_time\" content=\"2018-04-30T09:46:10+00:00\" \/>\n<meta property=\"og:image\" content=\"http:\/\/www.ecoquartier-strasbourg.fr\/wp-content\/uploads\/2018\/04\/Affiche-JPO-01-1024x724.jpg\" \/>\n<meta name=\"author\" content=\"EQS - admin\" \/>\n<meta name=\"twitter:card\" content=\"summary_large_image\" \/>\n<meta name=\"twitter:label1\" content=\"\u00c9crit par\" \/>\n\t<meta name=\"twitter:data1\" content=\"EQS - admin\" \/>\n\t<meta name=\"twitter:label2\" content=\"Dur\u00e9e de lecture estim\u00e9e\" \/>\n\t<meta name=\"twitter:data2\" content=\"1 minute\" \/>\n<script type=\"application\/ld+json\" class=\"yoast-schema-graph\">{\"@context\":\"https:\/\/schema.org\",\"@graph\":[{\"@type\":\"Article\",\"@id\":\"https:\/\/www.ecoquartier-strasbourg.fr\/index.php\/2018\/04\/30\/12-05-cyclo-balade-de-lhabitat-participatif\/#article\",\"isPartOf\":{\"@id\":\"https:\/\/www.ecoquartier-strasbourg.fr\/index.php\/2018\/04\/30\/12-05-cyclo-balade-de-lhabitat-participatif\/\"},\"author\":{\"name\":\"EQS - admin\",\"@id\":\"http:\/\/www.ecoquartier-strasbourg.fr\/#\/schema\/person\/c83a75f90cc38352607dbff4077bde52\"},\"headline\":\"12-05 Cyclo-balade de l&rsquo;Habitat Participatif\",\"datePublished\":\"2018-04-30T09:46:10+00:00\",\"dateModified\":\"2018-04-30T09:46:10+00:00\",\"mainEntityOfPage\":{\"@id\":\"https:\/\/www.ecoquartier-strasbourg.fr\/index.php\/2018\/04\/30\/12-05-cyclo-balade-de-lhabitat-participatif\/\"},\"wordCount\":177,\"commentCount\":0,\"publisher\":{\"@id\":\"http:\/\/www.ecoquartier-strasbourg.fr\/#organization\"},\"image\":{\"@id\":\"https:\/\/www.ecoquartier-strasbourg.fr\/index.php\/2018\/04\/30\/12-05-cyclo-balade-de-lhabitat-participatif\/#primaryimage\"},\"thumbnailUrl\":\"http:\/\/www.ecoquartier-strasbourg.fr\/wp-content\/uploads\/2018\/04\/Affiche-JPO-01-1024x724.jpg\",\"articleSection\":[\"habitat participatif\"],\"inLanguage\":\"fr-FR\",\"potentialAction\":[{\"@type\":\"CommentAction\",\"name\":\"Comment\",\"target\":[\"https:\/\/www.ecoquartier-strasbourg.fr\/index.php\/2018\/04\/30\/12-05-cyclo-balade-de-lhabitat-participatif\/#respond\"]}]},{\"@type\":\"WebPage\",\"@id\":\"https:\/\/www.ecoquartier-strasbourg.fr\/index.php\/2018\/04\/30\/12-05-cyclo-balade-de-lhabitat-participatif\/\",\"url\":\"https:\/\/www.ecoquartier-strasbourg.fr\/index.php\/2018\/04\/30\/12-05-cyclo-balade-de-lhabitat-participatif\/\",\"name\":\"12-05 Cyclo-balade de l'Habitat Participatif - Eco-quartier Strasbourg\",\"isPartOf\":{\"@id\":\"http:\/\/www.ecoquartier-strasbourg.fr\/#website\"},\"primaryImageOfPage\":{\"@id\":\"https:\/\/www.ecoquartier-strasbourg.fr\/index.php\/2018\/04\/30\/12-05-cyclo-balade-de-lhabitat-participatif\/#primaryimage\"},\"image\":{\"@id\":\"https:\/\/www.ecoquartier-strasbourg.fr\/index.php\/2018\/04\/30\/12-05-cyclo-balade-de-lhabitat-participatif\/#primaryimage\"},\"thumbnailUrl\":\"http:\/\/www.ecoquartier-strasbourg.fr\/wp-content\/uploads\/2018\/04\/Affiche-JPO-01-1024x724.jpg\",\"datePublished\":\"2018-04-30T09:46:10+00:00\",\"dateModified\":\"2018-04-30T09:46:10+00:00\",\"breadcrumb\":{\"@id\":\"https:\/\/www.ecoquartier-strasbourg.fr\/index.php\/2018\/04\/30\/12-05-cyclo-balade-de-lhabitat-participatif\/#breadcrumb\"},\"inLanguage\":\"fr-FR\",\"potentialAction\":[{\"@type\":\"ReadAction\",\"target\":[\"https:\/\/www.ecoquartier-strasbourg.fr\/index.php\/2018\/04\/30\/12-05-cyclo-balade-de-lhabitat-participatif\/\"]}]},{\"@type\":\"ImageObject\",\"inLanguage\":\"fr-FR\",\"@id\":\"https:\/\/www.ecoquartier-strasbourg.fr\/index.php\/2018\/04\/30\/12-05-cyclo-balade-de-lhabitat-participatif\/#primaryimage\",\"url\":\"https:\/\/www.ecoquartier-strasbourg.fr\/wp-content\/uploads\/2018\/04\/Affiche-JPO-01.jpg\",\"contentUrl\":\"https:\/\/www.ecoquartier-strasbourg.fr\/wp-content\/uploads\/2018\/04\/Affiche-JPO-01.jpg\",\"width\":3449,\"height\":2439,\"caption\":\"Affiche des JPO Habitat participatif\"},{\"@type\":\"BreadcrumbList\",\"@id\":\"https:\/\/www.ecoquartier-strasbourg.fr\/index.php\/2018\/04\/30\/12-05-cyclo-balade-de-lhabitat-participatif\/#breadcrumb\",\"itemListElement\":[{\"@type\":\"ListItem\",\"position\":1,\"name\":\"Accueil\",\"item\":\"http:\/\/www.ecoquartier-strasbourg.fr\/\"},{\"@type\":\"ListItem\",\"position\":2,\"name\":\"12-05 Cyclo-balade de l&rsquo;Habitat Participatif\"}]},{\"@type\":\"WebSite\",\"@id\":\"http:\/\/www.ecoquartier-strasbourg.fr\/#website\",\"url\":\"http:\/\/www.ecoquartier-strasbourg.fr\/\",\"name\":\"Eco-quartier Strasbourg\",\"description\":\"association citoyenne pour un mode de vie durable et \u00e9conome en ressources\",\"publisher\":{\"@id\":\"http:\/\/www.ecoquartier-strasbourg.fr\/#organization\"},\"potentialAction\":[{\"@type\":\"SearchAction\",\"target\":{\"@type\":\"EntryPoint\",\"urlTemplate\":\"http:\/\/www.ecoquartier-strasbourg.fr\/?s={search_term_string}\"},\"query-input\":\"required name=search_term_string\"}],\"inLanguage\":\"fr-FR\"},{\"@type\":\"Organization\",\"@id\":\"http:\/\/www.ecoquartier-strasbourg.fr\/#organization\",\"name\":\"Eco-Quartier Strasbourg\",\"url\":\"http:\/\/www.ecoquartier-strasbourg.fr\/\",\"logo\":{\"@type\":\"ImageObject\",\"inLanguage\":\"fr-FR\",\"@id\":\"http:\/\/www.ecoquartier-strasbourg.fr\/#\/schema\/logo\/image\/\",\"url\":\"https:\/\/www.ecoquartier-strasbourg.fr\/wp-content\/uploads\/2017\/06\/ROND-LOGO-EQS.png\",\"contentUrl\":\"https:\/\/www.ecoquartier-strasbourg.fr\/wp-content\/uploads\/2017\/06\/ROND-LOGO-EQS.png\",\"width\":284,\"height\":283,\"caption\":\"Eco-Quartier Strasbourg\"},\"image\":{\"@id\":\"http:\/\/www.ecoquartier-strasbourg.fr\/#\/schema\/logo\/image\/\"},\"sameAs\":[\"https:\/\/www.facebook.com\/ecoquartierstras\/\",\"https:\/\/www.youtube.com\/channel\/UCiBoGfYTElpjX9ESJJPeY3g\/playlists\"]},{\"@type\":\"Person\",\"@id\":\"http:\/\/www.ecoquartier-strasbourg.fr\/#\/schema\/person\/c83a75f90cc38352607dbff4077bde52\",\"name\":\"EQS - admin\",\"image\":{\"@type\":\"ImageObject\",\"inLanguage\":\"fr-FR\",\"@id\":\"http:\/\/www.ecoquartier-strasbourg.fr\/#\/schema\/person\/image\/\",\"url\":\"https:\/\/secure.gravatar.com\/avatar\/ea9ad3b87b40e3552f54e9eea523f481?s=96&d=mm&r=g\",\"contentUrl\":\"https:\/\/secure.gravatar.com\/avatar\/ea9ad3b87b40e3552f54e9eea523f481?s=96&d=mm&r=g\",\"caption\":\"EQS - admin\"},\"url\":\"https:\/\/www.ecoquartier-strasbourg.fr\/index.php\/author\/admin4831\/\"}]}<\/script>\n<!-- \/ Yoast SEO plugin. -->","yoast_head_json":{"title":"12-05 Cyclo-balade de l'Habitat Participatif - Eco-quartier Strasbourg","robots":{"index":"index","follow":"follow","max-snippet":"max-snippet:-1","max-image-preview":"max-image-preview:large","max-video-preview":"max-video-preview:-1"},"canonical":"https:\/\/www.ecoquartier-strasbourg.fr\/index.php\/2018\/04\/30\/12-05-cyclo-balade-de-lhabitat-participatif\/","og_locale":"fr_FR","og_type":"article","og_title":"12-05 Cyclo-balade de l'Habitat Participatif - Eco-quartier Strasbourg","og_description":"L&rsquo;association Eco-Quartier Strasbourg organise, lors des Portes Ouvertes Europ\u00e9ennes de l&rsquo;Habitat Participatif une journ\u00e9e d\u00e9di\u00e9e \u00e0 la (re)d\u00e9couverte de beaux exemples qui sont n\u00e9s sur le territoire strasbourgeois, lors du samedi 12 mai 2018,\u00a0avec son annuelle cyclo-balade. Ce sera \u00e9galement l&rsquo;occasion de c\u00e9l\u00e9brer son Assembl\u00e9e G\u00e9n\u00e9rale en fin de journ\u00e9e.\u2026 Lire la suite","og_url":"https:\/\/www.ecoquartier-strasbourg.fr\/index.php\/2018\/04\/30\/12-05-cyclo-balade-de-lhabitat-participatif\/","og_site_name":"Eco-quartier Strasbourg","article_publisher":"https:\/\/www.facebook.com\/ecoquartierstras\/","article_published_time":"2018-04-30T09:46:10+00:00","og_image":[{"url":"http:\/\/www.ecoquartier-strasbourg.fr\/wp-content\/uploads\/2018\/04\/Affiche-JPO-01-1024x724.jpg"}],"author":"EQS - admin","twitter_card":"summary_large_image","twitter_misc":{"\u00c9crit par":"EQS - admin","Dur\u00e9e de lecture estim\u00e9e":"1 minute"},"schema":{"@context":"https:\/\/schema.org","@graph":[{"@type":"Article","@id":"https:\/\/www.ecoquartier-strasbourg.fr\/index.php\/2018\/04\/30\/12-05-cyclo-balade-de-lhabitat-participatif\/#article","isPartOf":{"@id":"https:\/\/www.ecoquartier-strasbourg.fr\/index.php\/2018\/04\/30\/12-05-cyclo-balade-de-lhabitat-participatif\/"},"author":{"name":"EQS - admin","@id":"http:\/\/www.ecoquartier-strasbourg.fr\/#\/schema\/person\/c83a75f90cc38352607dbff4077bde52"},"headline":"12-05 Cyclo-balade de l&rsquo;Habitat Participatif","datePublished":"2018-04-30T09:46:10+00:00","dateModified":"2018-04-30T09:46:10+00:00","mainEntityOfPage":{"@id":"https:\/\/www.ecoquartier-strasbourg.fr\/index.php\/2018\/04\/30\/12-05-cyclo-balade-de-lhabitat-participatif\/"},"wordCount":177,"commentCount":0,"publisher":{"@id":"http:\/\/www.ecoquartier-strasbourg.fr\/#organization"},"image":{"@id":"https:\/\/www.ecoquartier-strasbourg.fr\/index.php\/2018\/04\/30\/12-05-cyclo-balade-de-lhabitat-participatif\/#primaryimage"},"thumbnailUrl":"http:\/\/www.ecoquartier-strasbourg.fr\/wp-content\/uploads\/2018\/04\/Affiche-JPO-01-1024x724.jpg","articleSection":["habitat participatif"],"inLanguage":"fr-FR","potentialAction":[{"@type":"CommentAction","name":"Comment","target":["https:\/\/www.ecoquartier-strasbourg.fr\/index.php\/2018\/04\/30\/12-05-cyclo-balade-de-lhabitat-participatif\/#respond"]}]},{"@type":"WebPage","@id":"https:\/\/www.ecoquartier-strasbourg.fr\/index.php\/2018\/04\/30\/12-05-cyclo-balade-de-lhabitat-participatif\/","url":"https:\/\/www.ecoquartier-strasbourg.fr\/index.php\/2018\/04\/30\/12-05-cyclo-balade-de-lhabitat-participatif\/","name":"12-05 Cyclo-balade de l'Habitat Participatif - Eco-quartier Strasbourg","isPartOf":{"@id":"http:\/\/www.ecoquartier-strasbourg.fr\/#website"},"primaryImageOfPage":{"@id":"https:\/\/www.ecoquartier-strasbourg.fr\/index.php\/2018\/04\/30\/12-05-cyclo-balade-de-lhabitat-participatif\/#primaryimage"},"image":{"@id":"https:\/\/www.ecoquartier-strasbourg.fr\/index.php\/2018\/04\/30\/12-05-cyclo-balade-de-lhabitat-participatif\/#primaryimage"},"thumbnailUrl":"http:\/\/www.ecoquartier-strasbourg.fr\/wp-content\/uploads\/2018\/04\/Affiche-JPO-01-1024x724.jpg","datePublished":"2018-04-30T09:46:10+00:00","dateModified":"2018-04-30T09:46:10+00:00","breadcrumb":{"@id":"https:\/\/www.ecoquartier-strasbourg.fr\/index.php\/2018\/04\/30\/12-05-cyclo-balade-de-lhabitat-participatif\/#breadcrumb"},"inLanguage":"fr-FR","potentialAction":[{"@type":"ReadAction","target":["https:\/\/www.ecoquartier-strasbourg.fr\/index.php\/2018\/04\/30\/12-05-cyclo-balade-de-lhabitat-participatif\/"]}]},{"@type":"ImageObject","inLanguage":"fr-FR","@id":"https:\/\/www.ecoquartier-strasbourg.fr\/index.php\/2018\/04\/30\/12-05-cyclo-balade-de-lhabitat-participatif\/#primaryimage","url":"https:\/\/www.ecoquartier-strasbourg.fr\/wp-content\/uploads\/2018\/04\/Affiche-JPO-01.jpg","contentUrl":"https:\/\/www.ecoquartier-strasbourg.fr\/wp-content\/uploads\/2018\/04\/Affiche-JPO-01.jpg","width":3449,"height":2439,"caption":"Affiche des JPO Habitat participatif"},{"@type":"BreadcrumbList","@id":"https:\/\/www.ecoquartier-strasbourg.fr\/index.php\/2018\/04\/30\/12-05-cyclo-balade-de-lhabitat-participatif\/#breadcrumb","itemListElement":[{"@type":"ListItem","position":1,"name":"Accueil","item":"http:\/\/www.ecoquartier-strasbourg.fr\/"},{"@type":"ListItem","position":2,"name":"12-05 Cyclo-balade de l&rsquo;Habitat Participatif"}]},{"@type":"WebSite","@id":"http:\/\/www.ecoquartier-strasbourg.fr\/#website","url":"http:\/\/www.ecoquartier-strasbourg.fr\/","name":"Eco-quartier Strasbourg","description":"association citoyenne pour un mode de vie durable et \u00e9conome en ressources","publisher":{"@id":"http:\/\/www.ecoquartier-strasbourg.fr\/#organization"},"potentialAction":[{"@type":"SearchAction","target":{"@type":"EntryPoint","urlTemplate":"http:\/\/www.ecoquartier-strasbourg.fr\/?s={search_term_string}"},"query-input":"required name=search_term_string"}],"inLanguage":"fr-FR"},{"@type":"Organization","@id":"http:\/\/www.ecoquartier-strasbourg.fr\/#organization","name":"Eco-Quartier Strasbourg","url":"http:\/\/www.ecoquartier-strasbourg.fr\/","logo":{"@type":"ImageObject","inLanguage":"fr-FR","@id":"http:\/\/www.ecoquartier-strasbourg.fr\/#\/schema\/logo\/image\/","url":"https:\/\/www.ecoquartier-strasbourg.fr\/wp-content\/uploads\/2017\/06\/ROND-LOGO-EQS.png","contentUrl":"https:\/\/www.ecoquartier-strasbourg.fr\/wp-content\/uploads\/2017\/06\/ROND-LOGO-EQS.png","width":284,"height":283,"caption":"Eco-Quartier Strasbourg"},"image":{"@id":"http:\/\/www.ecoquartier-strasbourg.fr\/#\/schema\/logo\/image\/"},"sameAs":["https:\/\/www.facebook.com\/ecoquartierstras\/","https:\/\/www.youtube.com\/channel\/UCiBoGfYTElpjX9ESJJPeY3g\/playlists"]},{"@type":"Person","@id":"http:\/\/www.ecoquartier-strasbourg.fr\/#\/schema\/person\/c83a75f90cc38352607dbff4077bde52","name":"EQS - admin","image":{"@type":"ImageObject","inLanguage":"fr-FR","@id":"http:\/\/www.ecoquartier-strasbourg.fr\/#\/schema\/person\/image\/","url":"https:\/\/secure.gravatar.com\/avatar\/ea9ad3b87b40e3552f54e9eea523f481?s=96&d=mm&r=g","contentUrl":"https:\/\/secure.gravatar.com\/avatar\/ea9ad3b87b40e3552f54e9eea523f481?s=96&d=mm&r=g","caption":"EQS - admin"},"url":"https:\/\/www.ecoquartier-strasbourg.fr\/index.php\/author\/admin4831\/"}]}},"_links":{"self":[{"href":"https:\/\/www.ecoquartier-strasbourg.fr\/index.php\/wp-json\/wp\/v2\/posts\/866"}],"collection":[{"href":"https:\/\/www.ecoquartier-strasbourg.fr\/index.php\/wp-json\/wp\/v2\/posts"}],"about":[{"href":"https:\/\/www.ecoquartier-strasbourg.fr\/index.php\/wp-json\/wp\/v2\/types\/post"}],"author":[{"embeddable":true,"href":"https:\/\/www.ecoquartier-strasbourg.fr\/index.php\/wp-json\/wp\/v2\/users\/1"}],"replies":[{"embeddable":true,"href":"https:\/\/www.ecoquartier-strasbourg.fr\/index.php\/wp-json\/wp\/v2\/comments?post=866"}],"version-history":[{"count":1,"href":"https:\/\/www.ecoquartier-strasbourg.fr\/index.php\/wp-json\/wp\/v2\/posts\/866\/revisions"}],"predecessor-version":[{"id":868,"href":"https:\/\/www.ecoquartier-strasbourg.fr\/index.php\/wp-json\/wp\/v2\/posts\/866\/revisions\/868"}],"wp:attachment":[{"href":"https:\/\/www.ecoquartier-strasbourg.fr\/index.php\/wp-json\/wp\/v2\/media?parent=866"}],"wp:term":[{"taxonomy":"category","embeddable":true,"href":"https:\/\/www.ecoquartier-strasbourg.fr\/index.php\/wp-json\/wp\/v2\/categories?post=866"},{"taxonomy":"post_tag","embeddable":true,"href":"https:\/\/www.ecoquartier-strasbourg.fr\/index.php\/wp-json\/wp\/v2\/tags?post=866"}],"curies":[{"name":"wp","href":"https:\/\/api.w.org\/{rel}","templated":true}]}}