{"id":760,"date":"2018-01-23T09:40:15","date_gmt":"2018-01-23T08:40:15","guid":{"rendered":"http:\/\/www.ecoquartier-strasbourg.fr\/?p=760"},"modified":"2018-03-16T11:48:32","modified_gmt":"2018-03-16T10:48:32","slug":"19-04-rencontre-habitat-participatif-generationnel","status":"publish","type":"post","link":"https:\/\/www.ecoquartier-strasbourg.fr\/index.php\/2018\/01\/23\/19-04-rencontre-habitat-participatif-generationnel\/","title":{"rendered":"19-04 \/ Rencontre habitat participatif g\u00e9n\u00e9rationnel"},"content":{"rendered":"<div class=\"mpl-content-wrap\"><p>De 18h30 \u00e0 20h30, venez rencontrer des porteurs de projets, notamment de l&rsquo;association Cocon 3S (Senior Solo Solidaire), repartez avec des id\u00e9es pour votre projet !<\/p>\n<p>Plus d&rsquo;info sur l&rsquo;\u00e9v\u00e9nement facebook : https:\/\/www.facebook.com\/events\/343060092858362\/<\/p>\n<\/div>","protected":false},"excerpt":{"rendered":"<p>De 18h30 \u00e0 20h30, venez rencontrer des porteurs de projets, notamment de l&rsquo;association Cocon 3S (Senior Solo Solidaire), repartez avec des id\u00e9es pour votre projet ! Plus d&rsquo;info sur l&rsquo;\u00e9v\u00e9nement facebook : https:\/\/www.facebook.com\/events\/343060092858362\/<\/p>\n<p> <a class=\"continue-reading-link\" href=\"https:\/\/www.ecoquartier-strasbourg.fr\/index.php\/2018\/01\/23\/19-04-rencontre-habitat-participatif-generationnel\/\"><span>Lire la suite<\/span><i class=\"crycon-right-dir\"><\/i><\/a> <\/p>\n","protected":false},"author":1,"featured_media":0,"comment_status":"open","ping_status":"open","sticky":false,"template":"","format":"standard","meta":{"footnotes":""},"categories":[1],"tags":[],"yoast_head":"<!-- This site is optimized with the Yoast SEO plugin v22.6 - https:\/\/yoast.com\/wordpress\/plugins\/seo\/ -->\n<title>19-04 \/ Rencontre habitat participatif g\u00e9n\u00e9rationnel - Eco-quartier Strasbourg<\/title>\n<meta name=\"description\" content=\"Rencontre\" \/>\n<meta name=\"robots\" content=\"index, follow, max-snippet:-1, max-image-preview:large, max-video-preview:-1\" \/>\n<link rel=\"canonical\" href=\"https:\/\/www.ecoquartier-strasbourg.fr\/index.php\/2018\/01\/23\/19-04-rencontre-habitat-participatif-generationnel\/\" \/>\n<meta property=\"og:locale\" content=\"fr_FR\" \/>\n<meta property=\"og:type\" content=\"article\" \/>\n<meta property=\"og:title\" content=\"19-04 \/ Rencontre habitat participatif g\u00e9n\u00e9rationnel - Eco-quartier Strasbourg\" \/>\n<meta property=\"og:description\" content=\"Rencontre\" \/>\n<meta property=\"og:url\" content=\"https:\/\/www.ecoquartier-strasbourg.fr\/index.php\/2018\/01\/23\/19-04-rencontre-habitat-participatif-generationnel\/\" \/>\n<meta property=\"og:site_name\" content=\"Eco-quartier Strasbourg\" \/>\n<meta property=\"article:publisher\" content=\"https:\/\/www.facebook.com\/ecoquartierstras\/\" \/>\n<meta property=\"article:published_time\" content=\"2018-01-23T08:40:15+00:00\" \/>\n<meta property=\"article:modified_time\" content=\"2018-03-16T10:48:32+00:00\" \/>\n<meta name=\"author\" content=\"EQS - admin\" \/>\n<meta name=\"twitter:card\" content=\"summary_large_image\" \/>\n<meta name=\"twitter:label1\" content=\"\u00c9crit par\" \/>\n\t<meta name=\"twitter:data1\" content=\"EQS - admin\" \/>\n<script type=\"application\/ld+json\" class=\"yoast-schema-graph\">{\"@context\":\"https:\/\/schema.org\",\"@graph\":[{\"@type\":\"Article\",\"@id\":\"https:\/\/www.ecoquartier-strasbourg.fr\/index.php\/2018\/01\/23\/19-04-rencontre-habitat-participatif-generationnel\/#article\",\"isPartOf\":{\"@id\":\"https:\/\/www.ecoquartier-strasbourg.fr\/index.php\/2018\/01\/23\/19-04-rencontre-habitat-participatif-generationnel\/\"},\"author\":{\"name\":\"EQS - admin\",\"@id\":\"http:\/\/www.ecoquartier-strasbourg.fr\/#\/schema\/person\/c83a75f90cc38352607dbff4077bde52\"},\"headline\":\"19-04 \/ Rencontre habitat participatif g\u00e9n\u00e9rationnel\",\"datePublished\":\"2018-01-23T08:40:15+00:00\",\"dateModified\":\"2018-03-16T10:48:32+00:00\",\"mainEntityOfPage\":{\"@id\":\"https:\/\/www.ecoquartier-strasbourg.fr\/index.php\/2018\/01\/23\/19-04-rencontre-habitat-participatif-generationnel\/\"},\"wordCount\":44,\"commentCount\":2,\"publisher\":{\"@id\":\"http:\/\/www.ecoquartier-strasbourg.fr\/#organization\"},\"inLanguage\":\"fr-FR\",\"potentialAction\":[{\"@type\":\"CommentAction\",\"name\":\"Comment\",\"target\":[\"https:\/\/www.ecoquartier-strasbourg.fr\/index.php\/2018\/01\/23\/19-04-rencontre-habitat-participatif-generationnel\/#respond\"]}]},{\"@type\":\"WebPage\",\"@id\":\"https:\/\/www.ecoquartier-strasbourg.fr\/index.php\/2018\/01\/23\/19-04-rencontre-habitat-participatif-generationnel\/\",\"url\":\"https:\/\/www.ecoquartier-strasbourg.fr\/index.php\/2018\/01\/23\/19-04-rencontre-habitat-participatif-generationnel\/\",\"name\":\"19-04 \/ Rencontre habitat participatif g\u00e9n\u00e9rationnel - Eco-quartier Strasbourg\",\"isPartOf\":{\"@id\":\"http:\/\/www.ecoquartier-strasbourg.fr\/#website\"},\"datePublished\":\"2018-01-23T08:40:15+00:00\",\"dateModified\":\"2018-03-16T10:48:32+00:00\",\"description\":\"Rencontre\",\"breadcrumb\":{\"@id\":\"https:\/\/www.ecoquartier-strasbourg.fr\/index.php\/2018\/01\/23\/19-04-rencontre-habitat-participatif-generationnel\/#breadcrumb\"},\"inLanguage\":\"fr-FR\",\"potentialAction\":[{\"@type\":\"ReadAction\",\"target\":[\"https:\/\/www.ecoquartier-strasbourg.fr\/index.php\/2018\/01\/23\/19-04-rencontre-habitat-participatif-generationnel\/\"]}]},{\"@type\":\"BreadcrumbList\",\"@id\":\"https:\/\/www.ecoquartier-strasbourg.fr\/index.php\/2018\/01\/23\/19-04-rencontre-habitat-participatif-generationnel\/#breadcrumb\",\"itemListElement\":[{\"@type\":\"ListItem\",\"position\":1,\"name\":\"Accueil\",\"item\":\"http:\/\/www.ecoquartier-strasbourg.fr\/\"},{\"@type\":\"ListItem\",\"position\":2,\"name\":\"19-04 \/ Rencontre habitat participatif g\u00e9n\u00e9rationnel\"}]},{\"@type\":\"WebSite\",\"@id\":\"http:\/\/www.ecoquartier-strasbourg.fr\/#website\",\"url\":\"http:\/\/www.ecoquartier-strasbourg.fr\/\",\"name\":\"Eco-quartier Strasbourg\",\"description\":\"association citoyenne pour un mode de vie durable et \u00e9conome en ressources\",\"publisher\":{\"@id\":\"http:\/\/www.ecoquartier-strasbourg.fr\/#organization\"},\"potentialAction\":[{\"@type\":\"SearchAction\",\"target\":{\"@type\":\"EntryPoint\",\"urlTemplate\":\"http:\/\/www.ecoquartier-strasbourg.fr\/?s={search_term_string}\"},\"query-input\":\"required name=search_term_string\"}],\"inLanguage\":\"fr-FR\"},{\"@type\":\"Organization\",\"@id\":\"http:\/\/www.ecoquartier-strasbourg.fr\/#organization\",\"name\":\"Eco-Quartier Strasbourg\",\"url\":\"http:\/\/www.ecoquartier-strasbourg.fr\/\",\"logo\":{\"@type\":\"ImageObject\",\"inLanguage\":\"fr-FR\",\"@id\":\"http:\/\/www.ecoquartier-strasbourg.fr\/#\/schema\/logo\/image\/\",\"url\":\"https:\/\/www.ecoquartier-strasbourg.fr\/wp-content\/uploads\/2017\/06\/ROND-LOGO-EQS.png\",\"contentUrl\":\"https:\/\/www.ecoquartier-strasbourg.fr\/wp-content\/uploads\/2017\/06\/ROND-LOGO-EQS.png\",\"width\":284,\"height\":283,\"caption\":\"Eco-Quartier Strasbourg\"},\"image\":{\"@id\":\"http:\/\/www.ecoquartier-strasbourg.fr\/#\/schema\/logo\/image\/\"},\"sameAs\":[\"https:\/\/www.facebook.com\/ecoquartierstras\/\",\"https:\/\/www.youtube.com\/channel\/UCiBoGfYTElpjX9ESJJPeY3g\/playlists\"]},{\"@type\":\"Person\",\"@id\":\"http:\/\/www.ecoquartier-strasbourg.fr\/#\/schema\/person\/c83a75f90cc38352607dbff4077bde52\",\"name\":\"EQS - admin\",\"image\":{\"@type\":\"ImageObject\",\"inLanguage\":\"fr-FR\",\"@id\":\"http:\/\/www.ecoquartier-strasbourg.fr\/#\/schema\/person\/image\/\",\"url\":\"https:\/\/secure.gravatar.com\/avatar\/ea9ad3b87b40e3552f54e9eea523f481?s=96&d=mm&r=g\",\"contentUrl\":\"https:\/\/secure.gravatar.com\/avatar\/ea9ad3b87b40e3552f54e9eea523f481?s=96&d=mm&r=g\",\"caption\":\"EQS - admin\"},\"url\":\"https:\/\/www.ecoquartier-strasbourg.fr\/index.php\/author\/admin4831\/\"}]}<\/script>\n<!-- \/ Yoast SEO plugin. -->","yoast_head_json":{"title":"19-04 \/ Rencontre habitat participatif g\u00e9n\u00e9rationnel - Eco-quartier Strasbourg","description":"Rencontre","robots":{"index":"index","follow":"follow","max-snippet":"max-snippet:-1","max-image-preview":"max-image-preview:large","max-video-preview":"max-video-preview:-1"},"canonical":"https:\/\/www.ecoquartier-strasbourg.fr\/index.php\/2018\/01\/23\/19-04-rencontre-habitat-participatif-generationnel\/","og_locale":"fr_FR","og_type":"article","og_title":"19-04 \/ Rencontre habitat participatif g\u00e9n\u00e9rationnel - Eco-quartier Strasbourg","og_description":"Rencontre","og_url":"https:\/\/www.ecoquartier-strasbourg.fr\/index.php\/2018\/01\/23\/19-04-rencontre-habitat-participatif-generationnel\/","og_site_name":"Eco-quartier Strasbourg","article_publisher":"https:\/\/www.facebook.com\/ecoquartierstras\/","article_published_time":"2018-01-23T08:40:15+00:00","article_modified_time":"2018-03-16T10:48:32+00:00","author":"EQS - admin","twitter_card":"summary_large_image","twitter_misc":{"\u00c9crit par":"EQS - admin"},"schema":{"@context":"https:\/\/schema.org","@graph":[{"@type":"Article","@id":"https:\/\/www.ecoquartier-strasbourg.fr\/index.php\/2018\/01\/23\/19-04-rencontre-habitat-participatif-generationnel\/#article","isPartOf":{"@id":"https:\/\/www.ecoquartier-strasbourg.fr\/index.php\/2018\/01\/23\/19-04-rencontre-habitat-participatif-generationnel\/"},"author":{"name":"EQS - admin","@id":"http:\/\/www.ecoquartier-strasbourg.fr\/#\/schema\/person\/c83a75f90cc38352607dbff4077bde52"},"headline":"19-04 \/ Rencontre habitat participatif g\u00e9n\u00e9rationnel","datePublished":"2018-01-23T08:40:15+00:00","dateModified":"2018-03-16T10:48:32+00:00","mainEntityOfPage":{"@id":"https:\/\/www.ecoquartier-strasbourg.fr\/index.php\/2018\/01\/23\/19-04-rencontre-habitat-participatif-generationnel\/"},"wordCount":44,"commentCount":2,"publisher":{"@id":"http:\/\/www.ecoquartier-strasbourg.fr\/#organization"},"inLanguage":"fr-FR","potentialAction":[{"@type":"CommentAction","name":"Comment","target":["https:\/\/www.ecoquartier-strasbourg.fr\/index.php\/2018\/01\/23\/19-04-rencontre-habitat-participatif-generationnel\/#respond"]}]},{"@type":"WebPage","@id":"https:\/\/www.ecoquartier-strasbourg.fr\/index.php\/2018\/01\/23\/19-04-rencontre-habitat-participatif-generationnel\/","url":"https:\/\/www.ecoquartier-strasbourg.fr\/index.php\/2018\/01\/23\/19-04-rencontre-habitat-participatif-generationnel\/","name":"19-04 \/ Rencontre habitat participatif g\u00e9n\u00e9rationnel - Eco-quartier Strasbourg","isPartOf":{"@id":"http:\/\/www.ecoquartier-strasbourg.fr\/#website"},"datePublished":"2018-01-23T08:40:15+00:00","dateModified":"2018-03-16T10:48:32+00:00","description":"Rencontre","breadcrumb":{"@id":"https:\/\/www.ecoquartier-strasbourg.fr\/index.php\/2018\/01\/23\/19-04-rencontre-habitat-participatif-generationnel\/#breadcrumb"},"inLanguage":"fr-FR","potentialAction":[{"@type":"ReadAction","target":["https:\/\/www.ecoquartier-strasbourg.fr\/index.php\/2018\/01\/23\/19-04-rencontre-habitat-participatif-generationnel\/"]}]},{"@type":"BreadcrumbList","@id":"https:\/\/www.ecoquartier-strasbourg.fr\/index.php\/2018\/01\/23\/19-04-rencontre-habitat-participatif-generationnel\/#breadcrumb","itemListElement":[{"@type":"ListItem","position":1,"name":"Accueil","item":"http:\/\/www.ecoquartier-strasbourg.fr\/"},{"@type":"ListItem","position":2,"name":"19-04 \/ Rencontre habitat participatif g\u00e9n\u00e9rationnel"}]},{"@type":"WebSite","@id":"http:\/\/www.ecoquartier-strasbourg.fr\/#website","url":"http:\/\/www.ecoquartier-strasbourg.fr\/","name":"Eco-quartier Strasbourg","description":"association citoyenne pour un mode de vie durable et \u00e9conome en ressources","publisher":{"@id":"http:\/\/www.ecoquartier-strasbourg.fr\/#organization"},"potentialAction":[{"@type":"SearchAction","target":{"@type":"EntryPoint","urlTemplate":"http:\/\/www.ecoquartier-strasbourg.fr\/?s={search_term_string}"},"query-input":"required name=search_term_string"}],"inLanguage":"fr-FR"},{"@type":"Organization","@id":"http:\/\/www.ecoquartier-strasbourg.fr\/#organization","name":"Eco-Quartier Strasbourg","url":"http:\/\/www.ecoquartier-strasbourg.fr\/","logo":{"@type":"ImageObject","inLanguage":"fr-FR","@id":"http:\/\/www.ecoquartier-strasbourg.fr\/#\/schema\/logo\/image\/","url":"https:\/\/www.ecoquartier-strasbourg.fr\/wp-content\/uploads\/2017\/06\/ROND-LOGO-EQS.png","contentUrl":"https:\/\/www.ecoquartier-strasbourg.fr\/wp-content\/uploads\/2017\/06\/ROND-LOGO-EQS.png","width":284,"height":283,"caption":"Eco-Quartier Strasbourg"},"image":{"@id":"http:\/\/www.ecoquartier-strasbourg.fr\/#\/schema\/logo\/image\/"},"sameAs":["https:\/\/www.facebook.com\/ecoquartierstras\/","https:\/\/www.youtube.com\/channel\/UCiBoGfYTElpjX9ESJJPeY3g\/playlists"]},{"@type":"Person","@id":"http:\/\/www.ecoquartier-strasbourg.fr\/#\/schema\/person\/c83a75f90cc38352607dbff4077bde52","name":"EQS - admin","image":{"@type":"ImageObject","inLanguage":"fr-FR","@id":"http:\/\/www.ecoquartier-strasbourg.fr\/#\/schema\/person\/image\/","url":"https:\/\/secure.gravatar.com\/avatar\/ea9ad3b87b40e3552f54e9eea523f481?s=96&d=mm&r=g","contentUrl":"https:\/\/secure.gravatar.com\/avatar\/ea9ad3b87b40e3552f54e9eea523f481?s=96&d=mm&r=g","caption":"EQS - admin"},"url":"https:\/\/www.ecoquartier-strasbourg.fr\/index.php\/author\/admin4831\/"}]}},"_links":{"self":[{"href":"https:\/\/www.ecoquartier-strasbourg.fr\/index.php\/wp-json\/wp\/v2\/posts\/760"}],"collection":[{"href":"https:\/\/www.ecoquartier-strasbourg.fr\/index.php\/wp-json\/wp\/v2\/posts"}],"about":[{"href":"https:\/\/www.ecoquartier-strasbourg.fr\/index.php\/wp-json\/wp\/v2\/types\/post"}],"author":[{"embeddable":true,"href":"https:\/\/www.ecoquartier-strasbourg.fr\/index.php\/wp-json\/wp\/v2\/users\/1"}],"replies":[{"embeddable":true,"href":"https:\/\/www.ecoquartier-strasbourg.fr\/index.php\/wp-json\/wp\/v2\/comments?post=760"}],"version-history":[{"count":4,"href":"https:\/\/www.ecoquartier-strasbourg.fr\/index.php\/wp-json\/wp\/v2\/posts\/760\/revisions"}],"predecessor-version":[{"id":848,"href":"https:\/\/www.ecoquartier-strasbourg.fr\/index.php\/wp-json\/wp\/v2\/posts\/760\/revisions\/848"}],"wp:attachment":[{"href":"https:\/\/www.ecoquartier-strasbourg.fr\/index.php\/wp-json\/wp\/v2\/media?parent=760"}],"wp:term":[{"taxonomy":"category","embeddable":true,"href":"https:\/\/www.ecoquartier-strasbourg.fr\/index.php\/wp-json\/wp\/v2\/categories?post=760"},{"taxonomy":"post_tag","embeddable":true,"href":"https:\/\/www.ecoquartier-strasbourg.fr\/index.php\/wp-json\/wp\/v2\/tags?post=760"}],"curies":[{"name":"wp","href":"https:\/\/api.w.org\/{rel}","templated":true}]}}