{"id":1300,"date":"2025-01-02T15:36:15","date_gmt":"2025-01-02T14:36:15","guid":{"rendered":"http:\/\/www.ecoquartier-strasbourg.fr\/?p=1300"},"modified":"2025-02-03T14:35:35","modified_gmt":"2025-02-03T13:35:35","slug":"la-ressourcerie-copro-comment-transmettre-le-b-a-ba-de-la-copro","status":"publish","type":"post","link":"https:\/\/www.ecoquartier-strasbourg.fr\/index.php\/2025\/01\/02\/la-ressourcerie-copro-comment-transmettre-le-b-a-ba-de-la-copro\/","title":{"rendered":"La Ressourcerie Copro &#8211; Comment transmettre le B.A.-BA de la copro ?"},"content":{"rendered":"<div class=\"mpl-content-wrap\"><div id=\"pl-1300\"  class=\"panel-layout\" ><div id=\"pg-1300-0\"  class=\"panel-grid panel-no-style\" ><div id=\"pgc-1300-0-0\"  class=\"panel-grid-cell\" ><div id=\"panel-1300-0-0-0\" class=\"so-panel widget widget_media_image panel-first-child panel-last-child\" data-index=\"0\" ><img width=\"300\" height=\"267\" src=\"https:\/\/www.ecoquartier-strasbourg.fr\/wp-content\/uploads\/2025\/01\/EQS-logo-ressourcerie-300x267.jpg\" class=\"image wp-image-1306  attachment-medium size-medium\" alt=\"\" decoding=\"async\" style=\"max-width: 100%; height: auto;\" srcset=\"https:\/\/www.ecoquartier-strasbourg.fr\/wp-content\/uploads\/2025\/01\/EQS-logo-ressourcerie-300x267.jpg 300w, https:\/\/www.ecoquartier-strasbourg.fr\/wp-content\/uploads\/2025\/01\/EQS-logo-ressourcerie-1024x911.jpg 1024w, https:\/\/www.ecoquartier-strasbourg.fr\/wp-content\/uploads\/2025\/01\/EQS-logo-ressourcerie-768x683.jpg 768w, https:\/\/www.ecoquartier-strasbourg.fr\/wp-content\/uploads\/2025\/01\/EQS-logo-ressourcerie-150x133.jpg 150w, https:\/\/www.ecoquartier-strasbourg.fr\/wp-content\/uploads\/2025\/01\/EQS-logo-ressourcerie.jpg 1482w\" sizes=\"(max-width: 300px) 100vw, 300px\" \/><\/div><\/div><div id=\"pgc-1300-0-1\"  class=\"panel-grid-cell\" ><div id=\"panel-1300-0-1-0\" class=\"so-panel widget widget_sow-editor panel-first-child panel-last-child\" data-index=\"1\" ><div\n\t\t\t\n\t\t\tclass=\"so-widget-sow-editor so-widget-sow-editor-base\"\n\t\t\t\n\t\t>\n<div class=\"siteorigin-widget-tinymce textwidget\">\n\t<p>Depuis plusieurs mois, un projet de \u201cRessourcerie Copro\u201d a \u00e9t\u00e9 initi\u00e9 par EQS, dans le prolongement d\u2019une recherche men\u00e9e avec l\u2019\u00e9cole d\u2019Architecture du Strasbourg (ENSAS), et financ\u00e9 par le PUCA (structure interminist\u00e9rielle).<\/p>\n<p>La ressourcerie est un <strong>espace-ressource<\/strong>, propice au dialogue, o\u00f9 les personnes voulant faire bouger positivement leur copropri\u00e9t\u00e9 peuvent se questionner ensemble, trouver des solutions et cr\u00e9er des contenus autour des d\u00e9fis de la vie en copropri\u00e9t\u00e9.<\/p>\n<p>A Strasbourg, la prochaine rencontre de la Ressourcerie aura lieu le <strong>mercredi 5 f\u00e9vrier de 18h \u00e0 20h, \u00e0 la Cat\u00e9naire<\/strong> (17 rue d'Obernai) autour de la th\u00e9matique :<\/p>\n<p>\"<em>Tout ce que j\u2019aurais voulu savoir sur la copro, avant d\u2019y habiter<\/em>\"<\/p>\n<p>ou dit autrement \"<em>Comment expliquer la copro de mani\u00e8re rapide et facile ?<\/em>\"<\/p>\n<p>L'atelier se d\u00e9roule selon des m\u00e9thodes exp\u00e9rimentales et participatives.<\/p>\n<p>Pour s'inscrire : <a href=\"https:\/\/framadate.org\/F3P3qGuBsiwgVeCR\">https:\/\/framadate.org\/F3P3qGuBsiwgVeCR<\/a><\/p>\n<\/div>\n<\/div><\/div><\/div><\/div><\/div><\/div>","protected":false},"excerpt":{"rendered":"<p>Depuis plusieurs mois, un projet de \u201cRessourcerie Copro\u201d a \u00e9t\u00e9 initi\u00e9 par EQS, dans le prolongement d\u2019une recherche men\u00e9e avec l\u2019\u00e9cole d\u2019Architecture du Strasbourg (ENSAS), et financ\u00e9 par le PUCA (structure interminist\u00e9rielle). La ressourcerie est un espace-ressource, propice au dialogue, o\u00f9 les personnes voulant faire bouger positivement leur copropri\u00e9t\u00e9 peuvent\u2026<\/p>\n<p> <a class=\"continue-reading-link\" href=\"https:\/\/www.ecoquartier-strasbourg.fr\/index.php\/2025\/01\/02\/la-ressourcerie-copro-comment-transmettre-le-b-a-ba-de-la-copro\/\"><span>Lire la suite<\/span><i class=\"crycon-right-dir\"><\/i><\/a> <\/p>\n","protected":false},"author":1,"featured_media":1299,"comment_status":"open","ping_status":"open","sticky":false,"template":"","format":"standard","meta":{"footnotes":""},"categories":[14],"tags":[],"yoast_head":"<!-- This site is optimized with the Yoast SEO plugin v22.6 - https:\/\/yoast.com\/wordpress\/plugins\/seo\/ -->\n<title>La Ressourcerie Copro - Comment transmettre le B.A.-BA de la copro ? - Eco-quartier Strasbourg<\/title>\n<meta name=\"robots\" content=\"index, follow, max-snippet:-1, max-image-preview:large, max-video-preview:-1\" \/>\n<link rel=\"canonical\" href=\"https:\/\/www.ecoquartier-strasbourg.fr\/index.php\/2025\/01\/02\/la-ressourcerie-copro-comment-transmettre-le-b-a-ba-de-la-copro\/\" \/>\n<meta property=\"og:locale\" content=\"fr_FR\" \/>\n<meta property=\"og:type\" content=\"article\" \/>\n<meta property=\"og:title\" content=\"La Ressourcerie Copro - Comment transmettre le B.A.-BA de la copro ? - Eco-quartier Strasbourg\" \/>\n<meta property=\"og:description\" content=\"Depuis plusieurs mois, un projet de \u201cRessourcerie Copro\u201d a \u00e9t\u00e9 initi\u00e9 par EQS, dans le prolongement d\u2019une recherche men\u00e9e avec l\u2019\u00e9cole d\u2019Architecture du Strasbourg (ENSAS), et financ\u00e9 par le PUCA (structure interminist\u00e9rielle). La ressourcerie est un espace-ressource, propice au dialogue, o\u00f9 les personnes voulant faire bouger positivement leur copropri\u00e9t\u00e9 peuvent\u2026 Lire la suite\" \/>\n<meta property=\"og:url\" content=\"https:\/\/www.ecoquartier-strasbourg.fr\/index.php\/2025\/01\/02\/la-ressourcerie-copro-comment-transmettre-le-b-a-ba-de-la-copro\/\" \/>\n<meta property=\"og:site_name\" content=\"Eco-quartier Strasbourg\" \/>\n<meta property=\"article:publisher\" content=\"https:\/\/www.facebook.com\/ecoquartierstras\/\" \/>\n<meta property=\"article:published_time\" content=\"2025-01-02T14:36:15+00:00\" \/>\n<meta property=\"article:modified_time\" content=\"2025-02-03T13:35:35+00:00\" \/>\n<meta name=\"author\" content=\"EQS - admin\" \/>\n<meta name=\"twitter:card\" content=\"summary_large_image\" \/>\n<meta name=\"twitter:label1\" content=\"\u00c9crit par\" \/>\n\t<meta name=\"twitter:data1\" content=\"EQS - admin\" \/>\n\t<meta name=\"twitter:label2\" content=\"Dur\u00e9e de lecture estim\u00e9e\" \/>\n\t<meta name=\"twitter:data2\" content=\"2 minutes\" \/>\n<script type=\"application\/ld+json\" class=\"yoast-schema-graph\">{\"@context\":\"https:\/\/schema.org\",\"@graph\":[{\"@type\":\"Article\",\"@id\":\"https:\/\/www.ecoquartier-strasbourg.fr\/index.php\/2025\/01\/02\/la-ressourcerie-copro-comment-transmettre-le-b-a-ba-de-la-copro\/#article\",\"isPartOf\":{\"@id\":\"https:\/\/www.ecoquartier-strasbourg.fr\/index.php\/2025\/01\/02\/la-ressourcerie-copro-comment-transmettre-le-b-a-ba-de-la-copro\/\"},\"author\":{\"name\":\"EQS - admin\",\"@id\":\"http:\/\/www.ecoquartier-strasbourg.fr\/#\/schema\/person\/c83a75f90cc38352607dbff4077bde52\"},\"headline\":\"La Ressourcerie Copro &#8211; Comment transmettre le B.A.-BA de la copro ?\",\"datePublished\":\"2025-01-02T14:36:15+00:00\",\"dateModified\":\"2025-02-03T13:35:35+00:00\",\"mainEntityOfPage\":{\"@id\":\"https:\/\/www.ecoquartier-strasbourg.fr\/index.php\/2025\/01\/02\/la-ressourcerie-copro-comment-transmettre-le-b-a-ba-de-la-copro\/\"},\"wordCount\":173,\"commentCount\":0,\"publisher\":{\"@id\":\"http:\/\/www.ecoquartier-strasbourg.fr\/#organization\"},\"image\":{\"@id\":\"https:\/\/www.ecoquartier-strasbourg.fr\/index.php\/2025\/01\/02\/la-ressourcerie-copro-comment-transmettre-le-b-a-ba-de-la-copro\/#primaryimage\"},\"thumbnailUrl\":\"\",\"articleSection\":[\"\u00e9v\u00e9n\u00e9ment\"],\"inLanguage\":\"fr-FR\",\"potentialAction\":[{\"@type\":\"CommentAction\",\"name\":\"Comment\",\"target\":[\"https:\/\/www.ecoquartier-strasbourg.fr\/index.php\/2025\/01\/02\/la-ressourcerie-copro-comment-transmettre-le-b-a-ba-de-la-copro\/#respond\"]}]},{\"@type\":\"WebPage\",\"@id\":\"https:\/\/www.ecoquartier-strasbourg.fr\/index.php\/2025\/01\/02\/la-ressourcerie-copro-comment-transmettre-le-b-a-ba-de-la-copro\/\",\"url\":\"https:\/\/www.ecoquartier-strasbourg.fr\/index.php\/2025\/01\/02\/la-ressourcerie-copro-comment-transmettre-le-b-a-ba-de-la-copro\/\",\"name\":\"La Ressourcerie Copro - Comment transmettre le B.A.-BA de la copro ? - Eco-quartier Strasbourg\",\"isPartOf\":{\"@id\":\"http:\/\/www.ecoquartier-strasbourg.fr\/#website\"},\"primaryImageOfPage\":{\"@id\":\"https:\/\/www.ecoquartier-strasbourg.fr\/index.php\/2025\/01\/02\/la-ressourcerie-copro-comment-transmettre-le-b-a-ba-de-la-copro\/#primaryimage\"},\"image\":{\"@id\":\"https:\/\/www.ecoquartier-strasbourg.fr\/index.php\/2025\/01\/02\/la-ressourcerie-copro-comment-transmettre-le-b-a-ba-de-la-copro\/#primaryimage\"},\"thumbnailUrl\":\"\",\"datePublished\":\"2025-01-02T14:36:15+00:00\",\"dateModified\":\"2025-02-03T13:35:35+00:00\",\"breadcrumb\":{\"@id\":\"https:\/\/www.ecoquartier-strasbourg.fr\/index.php\/2025\/01\/02\/la-ressourcerie-copro-comment-transmettre-le-b-a-ba-de-la-copro\/#breadcrumb\"},\"inLanguage\":\"fr-FR\",\"potentialAction\":[{\"@type\":\"ReadAction\",\"target\":[\"https:\/\/www.ecoquartier-strasbourg.fr\/index.php\/2025\/01\/02\/la-ressourcerie-copro-comment-transmettre-le-b-a-ba-de-la-copro\/\"]}]},{\"@type\":\"ImageObject\",\"inLanguage\":\"fr-FR\",\"@id\":\"https:\/\/www.ecoquartier-strasbourg.fr\/index.php\/2025\/01\/02\/la-ressourcerie-copro-comment-transmettre-le-b-a-ba-de-la-copro\/#primaryimage\",\"url\":\"\",\"contentUrl\":\"\"},{\"@type\":\"BreadcrumbList\",\"@id\":\"https:\/\/www.ecoquartier-strasbourg.fr\/index.php\/2025\/01\/02\/la-ressourcerie-copro-comment-transmettre-le-b-a-ba-de-la-copro\/#breadcrumb\",\"itemListElement\":[{\"@type\":\"ListItem\",\"position\":1,\"name\":\"Accueil\",\"item\":\"http:\/\/www.ecoquartier-strasbourg.fr\/\"},{\"@type\":\"ListItem\",\"position\":2,\"name\":\"La Ressourcerie Copro &#8211; Comment transmettre le B.A.-BA de la copro ?\"}]},{\"@type\":\"WebSite\",\"@id\":\"http:\/\/www.ecoquartier-strasbourg.fr\/#website\",\"url\":\"http:\/\/www.ecoquartier-strasbourg.fr\/\",\"name\":\"Eco-quartier Strasbourg\",\"description\":\"association citoyenne pour un mode de vie durable et \u00e9conome en ressources\",\"publisher\":{\"@id\":\"http:\/\/www.ecoquartier-strasbourg.fr\/#organization\"},\"potentialAction\":[{\"@type\":\"SearchAction\",\"target\":{\"@type\":\"EntryPoint\",\"urlTemplate\":\"http:\/\/www.ecoquartier-strasbourg.fr\/?s={search_term_string}\"},\"query-input\":\"required name=search_term_string\"}],\"inLanguage\":\"fr-FR\"},{\"@type\":\"Organization\",\"@id\":\"http:\/\/www.ecoquartier-strasbourg.fr\/#organization\",\"name\":\"Eco-Quartier Strasbourg\",\"url\":\"http:\/\/www.ecoquartier-strasbourg.fr\/\",\"logo\":{\"@type\":\"ImageObject\",\"inLanguage\":\"fr-FR\",\"@id\":\"http:\/\/www.ecoquartier-strasbourg.fr\/#\/schema\/logo\/image\/\",\"url\":\"https:\/\/www.ecoquartier-strasbourg.fr\/wp-content\/uploads\/2017\/06\/ROND-LOGO-EQS.png\",\"contentUrl\":\"https:\/\/www.ecoquartier-strasbourg.fr\/wp-content\/uploads\/2017\/06\/ROND-LOGO-EQS.png\",\"width\":284,\"height\":283,\"caption\":\"Eco-Quartier Strasbourg\"},\"image\":{\"@id\":\"http:\/\/www.ecoquartier-strasbourg.fr\/#\/schema\/logo\/image\/\"},\"sameAs\":[\"https:\/\/www.facebook.com\/ecoquartierstras\/\",\"https:\/\/www.youtube.com\/channel\/UCiBoGfYTElpjX9ESJJPeY3g\/playlists\"]},{\"@type\":\"Person\",\"@id\":\"http:\/\/www.ecoquartier-strasbourg.fr\/#\/schema\/person\/c83a75f90cc38352607dbff4077bde52\",\"name\":\"EQS - admin\",\"image\":{\"@type\":\"ImageObject\",\"inLanguage\":\"fr-FR\",\"@id\":\"http:\/\/www.ecoquartier-strasbourg.fr\/#\/schema\/person\/image\/\",\"url\":\"https:\/\/secure.gravatar.com\/avatar\/ea9ad3b87b40e3552f54e9eea523f481?s=96&d=mm&r=g\",\"contentUrl\":\"https:\/\/secure.gravatar.com\/avatar\/ea9ad3b87b40e3552f54e9eea523f481?s=96&d=mm&r=g\",\"caption\":\"EQS - admin\"},\"url\":\"https:\/\/www.ecoquartier-strasbourg.fr\/index.php\/author\/admin4831\/\"}]}<\/script>\n<!-- \/ Yoast SEO plugin. -->","yoast_head_json":{"title":"La Ressourcerie Copro - Comment transmettre le B.A.-BA de la copro ? - Eco-quartier Strasbourg","robots":{"index":"index","follow":"follow","max-snippet":"max-snippet:-1","max-image-preview":"max-image-preview:large","max-video-preview":"max-video-preview:-1"},"canonical":"https:\/\/www.ecoquartier-strasbourg.fr\/index.php\/2025\/01\/02\/la-ressourcerie-copro-comment-transmettre-le-b-a-ba-de-la-copro\/","og_locale":"fr_FR","og_type":"article","og_title":"La Ressourcerie Copro - Comment transmettre le B.A.-BA de la copro ? - Eco-quartier Strasbourg","og_description":"Depuis plusieurs mois, un projet de \u201cRessourcerie Copro\u201d a \u00e9t\u00e9 initi\u00e9 par EQS, dans le prolongement d\u2019une recherche men\u00e9e avec l\u2019\u00e9cole d\u2019Architecture du Strasbourg (ENSAS), et financ\u00e9 par le PUCA (structure interminist\u00e9rielle). La ressourcerie est un espace-ressource, propice au dialogue, o\u00f9 les personnes voulant faire bouger positivement leur copropri\u00e9t\u00e9 peuvent\u2026 Lire la suite","og_url":"https:\/\/www.ecoquartier-strasbourg.fr\/index.php\/2025\/01\/02\/la-ressourcerie-copro-comment-transmettre-le-b-a-ba-de-la-copro\/","og_site_name":"Eco-quartier Strasbourg","article_publisher":"https:\/\/www.facebook.com\/ecoquartierstras\/","article_published_time":"2025-01-02T14:36:15+00:00","article_modified_time":"2025-02-03T13:35:35+00:00","author":"EQS - admin","twitter_card":"summary_large_image","twitter_misc":{"\u00c9crit par":"EQS - admin","Dur\u00e9e de lecture estim\u00e9e":"2 minutes"},"schema":{"@context":"https:\/\/schema.org","@graph":[{"@type":"Article","@id":"https:\/\/www.ecoquartier-strasbourg.fr\/index.php\/2025\/01\/02\/la-ressourcerie-copro-comment-transmettre-le-b-a-ba-de-la-copro\/#article","isPartOf":{"@id":"https:\/\/www.ecoquartier-strasbourg.fr\/index.php\/2025\/01\/02\/la-ressourcerie-copro-comment-transmettre-le-b-a-ba-de-la-copro\/"},"author":{"name":"EQS - admin","@id":"http:\/\/www.ecoquartier-strasbourg.fr\/#\/schema\/person\/c83a75f90cc38352607dbff4077bde52"},"headline":"La Ressourcerie Copro &#8211; Comment transmettre le B.A.-BA de la copro ?","datePublished":"2025-01-02T14:36:15+00:00","dateModified":"2025-02-03T13:35:35+00:00","mainEntityOfPage":{"@id":"https:\/\/www.ecoquartier-strasbourg.fr\/index.php\/2025\/01\/02\/la-ressourcerie-copro-comment-transmettre-le-b-a-ba-de-la-copro\/"},"wordCount":173,"commentCount":0,"publisher":{"@id":"http:\/\/www.ecoquartier-strasbourg.fr\/#organization"},"image":{"@id":"https:\/\/www.ecoquartier-strasbourg.fr\/index.php\/2025\/01\/02\/la-ressourcerie-copro-comment-transmettre-le-b-a-ba-de-la-copro\/#primaryimage"},"thumbnailUrl":"","articleSection":["\u00e9v\u00e9n\u00e9ment"],"inLanguage":"fr-FR","potentialAction":[{"@type":"CommentAction","name":"Comment","target":["https:\/\/www.ecoquartier-strasbourg.fr\/index.php\/2025\/01\/02\/la-ressourcerie-copro-comment-transmettre-le-b-a-ba-de-la-copro\/#respond"]}]},{"@type":"WebPage","@id":"https:\/\/www.ecoquartier-strasbourg.fr\/index.php\/2025\/01\/02\/la-ressourcerie-copro-comment-transmettre-le-b-a-ba-de-la-copro\/","url":"https:\/\/www.ecoquartier-strasbourg.fr\/index.php\/2025\/01\/02\/la-ressourcerie-copro-comment-transmettre-le-b-a-ba-de-la-copro\/","name":"La Ressourcerie Copro - Comment transmettre le B.A.-BA de la copro ? - Eco-quartier Strasbourg","isPartOf":{"@id":"http:\/\/www.ecoquartier-strasbourg.fr\/#website"},"primaryImageOfPage":{"@id":"https:\/\/www.ecoquartier-strasbourg.fr\/index.php\/2025\/01\/02\/la-ressourcerie-copro-comment-transmettre-le-b-a-ba-de-la-copro\/#primaryimage"},"image":{"@id":"https:\/\/www.ecoquartier-strasbourg.fr\/index.php\/2025\/01\/02\/la-ressourcerie-copro-comment-transmettre-le-b-a-ba-de-la-copro\/#primaryimage"},"thumbnailUrl":"","datePublished":"2025-01-02T14:36:15+00:00","dateModified":"2025-02-03T13:35:35+00:00","breadcrumb":{"@id":"https:\/\/www.ecoquartier-strasbourg.fr\/index.php\/2025\/01\/02\/la-ressourcerie-copro-comment-transmettre-le-b-a-ba-de-la-copro\/#breadcrumb"},"inLanguage":"fr-FR","potentialAction":[{"@type":"ReadAction","target":["https:\/\/www.ecoquartier-strasbourg.fr\/index.php\/2025\/01\/02\/la-ressourcerie-copro-comment-transmettre-le-b-a-ba-de-la-copro\/"]}]},{"@type":"ImageObject","inLanguage":"fr-FR","@id":"https:\/\/www.ecoquartier-strasbourg.fr\/index.php\/2025\/01\/02\/la-ressourcerie-copro-comment-transmettre-le-b-a-ba-de-la-copro\/#primaryimage","url":"","contentUrl":""},{"@type":"BreadcrumbList","@id":"https:\/\/www.ecoquartier-strasbourg.fr\/index.php\/2025\/01\/02\/la-ressourcerie-copro-comment-transmettre-le-b-a-ba-de-la-copro\/#breadcrumb","itemListElement":[{"@type":"ListItem","position":1,"name":"Accueil","item":"http:\/\/www.ecoquartier-strasbourg.fr\/"},{"@type":"ListItem","position":2,"name":"La Ressourcerie Copro &#8211; Comment transmettre le B.A.-BA de la copro ?"}]},{"@type":"WebSite","@id":"http:\/\/www.ecoquartier-strasbourg.fr\/#website","url":"http:\/\/www.ecoquartier-strasbourg.fr\/","name":"Eco-quartier Strasbourg","description":"association citoyenne pour un mode de vie durable et \u00e9conome en ressources","publisher":{"@id":"http:\/\/www.ecoquartier-strasbourg.fr\/#organization"},"potentialAction":[{"@type":"SearchAction","target":{"@type":"EntryPoint","urlTemplate":"http:\/\/www.ecoquartier-strasbourg.fr\/?s={search_term_string}"},"query-input":"required name=search_term_string"}],"inLanguage":"fr-FR"},{"@type":"Organization","@id":"http:\/\/www.ecoquartier-strasbourg.fr\/#organization","name":"Eco-Quartier Strasbourg","url":"http:\/\/www.ecoquartier-strasbourg.fr\/","logo":{"@type":"ImageObject","inLanguage":"fr-FR","@id":"http:\/\/www.ecoquartier-strasbourg.fr\/#\/schema\/logo\/image\/","url":"https:\/\/www.ecoquartier-strasbourg.fr\/wp-content\/uploads\/2017\/06\/ROND-LOGO-EQS.png","contentUrl":"https:\/\/www.ecoquartier-strasbourg.fr\/wp-content\/uploads\/2017\/06\/ROND-LOGO-EQS.png","width":284,"height":283,"caption":"Eco-Quartier Strasbourg"},"image":{"@id":"http:\/\/www.ecoquartier-strasbourg.fr\/#\/schema\/logo\/image\/"},"sameAs":["https:\/\/www.facebook.com\/ecoquartierstras\/","https:\/\/www.youtube.com\/channel\/UCiBoGfYTElpjX9ESJJPeY3g\/playlists"]},{"@type":"Person","@id":"http:\/\/www.ecoquartier-strasbourg.fr\/#\/schema\/person\/c83a75f90cc38352607dbff4077bde52","name":"EQS - admin","image":{"@type":"ImageObject","inLanguage":"fr-FR","@id":"http:\/\/www.ecoquartier-strasbourg.fr\/#\/schema\/person\/image\/","url":"https:\/\/secure.gravatar.com\/avatar\/ea9ad3b87b40e3552f54e9eea523f481?s=96&d=mm&r=g","contentUrl":"https:\/\/secure.gravatar.com\/avatar\/ea9ad3b87b40e3552f54e9eea523f481?s=96&d=mm&r=g","caption":"EQS - admin"},"url":"https:\/\/www.ecoquartier-strasbourg.fr\/index.php\/author\/admin4831\/"}]}},"_links":{"self":[{"href":"https:\/\/www.ecoquartier-strasbourg.fr\/index.php\/wp-json\/wp\/v2\/posts\/1300"}],"collection":[{"href":"https:\/\/www.ecoquartier-strasbourg.fr\/index.php\/wp-json\/wp\/v2\/posts"}],"about":[{"href":"https:\/\/www.ecoquartier-strasbourg.fr\/index.php\/wp-json\/wp\/v2\/types\/post"}],"author":[{"embeddable":true,"href":"https:\/\/www.ecoquartier-strasbourg.fr\/index.php\/wp-json\/wp\/v2\/users\/1"}],"replies":[{"embeddable":true,"href":"https:\/\/www.ecoquartier-strasbourg.fr\/index.php\/wp-json\/wp\/v2\/comments?post=1300"}],"version-history":[{"count":8,"href":"https:\/\/www.ecoquartier-strasbourg.fr\/index.php\/wp-json\/wp\/v2\/posts\/1300\/revisions"}],"predecessor-version":[{"id":1310,"href":"https:\/\/www.ecoquartier-strasbourg.fr\/index.php\/wp-json\/wp\/v2\/posts\/1300\/revisions\/1310"}],"wp:featuredmedia":[{"embeddable":true,"href":"https:\/\/www.ecoquartier-strasbourg.fr\/index.php\/wp-json\/wp\/v2\/media\/1299"}],"wp:attachment":[{"href":"https:\/\/www.ecoquartier-strasbourg.fr\/index.php\/wp-json\/wp\/v2\/media?parent=1300"}],"wp:term":[{"taxonomy":"category","embeddable":true,"href":"https:\/\/www.ecoquartier-strasbourg.fr\/index.php\/wp-json\/wp\/v2\/categories?post=1300"},{"taxonomy":"post_tag","embeddable":true,"href":"https:\/\/www.ecoquartier-strasbourg.fr\/index.php\/wp-json\/wp\/v2\/tags?post=1300"}],"curies":[{"name":"wp","href":"https:\/\/api.w.org\/{rel}","templated":true}]}}